{"id":2405,"date":"2020-11-06T11:26:00","date_gmt":"2020-11-06T10:26:00","guid":{"rendered":"https:\/\/www.alandalusylahistoria.com\/?p=2405"},"modified":"2020-11-05T11:29:00","modified_gmt":"2020-11-05T10:29:00","slug":"reyes-cristianos-que-visten-como-servidores-musulmanes","status":"publish","type":"post","link":"https:\/\/www.alandalusylahistoria.com\/?p=2405","title":{"rendered":"Reyes cristianos que visten como servidores musulmanes"},"content":{"rendered":"\n<h3 class=\"has-text-align-center wp-block-heading\">A partir del siglo X, al-\u00c1ndalus ejerci\u00f3 la hegemon\u00eda cultural y pol\u00edtica en toda la Pen\u00ednsula Ib\u00e9rica, incluidos los reinos cristianos del Norte, lo que condicion\u00f3 los h\u00e1bitos de vestir de la \u00e9lite cristiana<\/h3>\n\n\n\n<p class=\"has-text-align-center wp-block-paragraph\">Conferencia de <a rel=\"noreferrer noopener\" href=\"https:\/\/www.ehu.eus\/es\/web\/sociedad-poder-cultura\/eneko-lopez-martinez-de-marigorta\" target=\"_blank\">Eneko L\u00f3pez<\/a> dentro de las <strong><a rel=\"noreferrer noopener\" href=\"https:\/\/ehutb.ehu.eus\/video\/5d8c8f93f82b2b1c1b8b4859\" target=\"_blank\">II Jornadas de introducci\u00f3n al mundo arabo-musulm\u00e1n<\/a><\/strong> de la Universidad del Pa\u00eds Vasco, 25 de octubre de 2019<\/p>\n\n\n\n<center>\n<iframe src='https:\/\/ehutb.ehu.eus\/iframe\/5dbae3dcf82b2baf428b4b12' id='pumukitiframe' frameborder='0' border='0' width='560' height='315' allowfullscreen><\/iframe>\n<\/center>\n","protected":false},"excerpt":{"rendered":"<p>A partir del siglo X, al-\u00c1ndalus ofreci\u00f3 una hegemon\u00eda cultural y pol\u00edtica en toda la Pen\u00ednsula Ib\u00e9rica, incluidos los reinos cristianos del Norte, lo que condicion\u00f3 los h\u00e1bitos de vestir de la \u00e9lite cristiana.<\/p>\n","protected":false},"author":11,"featured_media":2406,"comment_status":"closed","ping_status":"closed","sticky":false,"template":"","format":"standard","meta":{"_crdt_document":"","jetpack_post_was_ever_published":false,"footnotes":""},"categories":[13],"tags":[180,177,45,267],"coauthors":[262],"class_list":{"0":"post-2405","1":"post","2":"type-post","3":"status-publish","4":"format-standard","5":"has-post-thumbnail","6":"hentry","7":"category-multimedia","8":"tag-intercambios-culturales","9":"tag-modas-andalusies","10":"tag-relaciones-culturales","11":"tag-vestimenta","13":"fallback-thumbnail"},"jetpack_featured_media_url":"https:\/\/i0.wp.com\/www.alandalusylahistoria.com\/wp-content\/uploads\/2020\/11\/Almohada_Berenguela.jpg?fit=974%2C857&ssl=1","jetpack-related-posts":[],"_links":{"self":[{"href":"https:\/\/www.alandalusylahistoria.com\/index.php?rest_route=\/wp\/v2\/posts\/2405","targetHints":{"allow":["GET"]}}],"collection":[{"href":"https:\/\/www.alandalusylahistoria.com\/index.php?rest_route=\/wp\/v2\/posts"}],"about":[{"href":"https:\/\/www.alandalusylahistoria.com\/index.php?rest_route=\/wp\/v2\/types\/post"}],"author":[{"embeddable":true,"href":"https:\/\/www.alandalusylahistoria.com\/index.php?rest_route=\/wp\/v2\/users\/11"}],"replies":[{"embeddable":true,"href":"https:\/\/www.alandalusylahistoria.com\/index.php?rest_route=%2Fwp%2Fv2%2Fcomments&post=2405"}],"version-history":[{"count":2,"href":"https:\/\/www.alandalusylahistoria.com\/index.php?rest_route=\/wp\/v2\/posts\/2405\/revisions"}],"predecessor-version":[{"id":2409,"href":"https:\/\/www.alandalusylahistoria.com\/index.php?rest_route=\/wp\/v2\/posts\/2405\/revisions\/2409"}],"wp:featuredmedia":[{"embeddable":true,"href":"https:\/\/www.alandalusylahistoria.com\/index.php?rest_route=\/wp\/v2\/media\/2406"}],"wp:attachment":[{"href":"https:\/\/www.alandalusylahistoria.com\/index.php?rest_route=%2Fwp%2Fv2%2Fmedia&parent=2405"}],"wp:term":[{"taxonomy":"category","embeddable":true,"href":"https:\/\/www.alandalusylahistoria.com\/index.php?rest_route=%2Fwp%2Fv2%2Fcategories&post=2405"},{"taxonomy":"post_tag","embeddable":true,"href":"https:\/\/www.alandalusylahistoria.com\/index.php?rest_route=%2Fwp%2Fv2%2Ftags&post=2405"},{"taxonomy":"author","embeddable":true,"href":"https:\/\/www.alandalusylahistoria.com\/index.php?rest_route=%2Fwp%2Fv2%2Fcoauthors&post=2405"}],"curies":[{"name":"wp","href":"https:\/\/api.w.org\/{rel}","templated":true}]}}