{"id":2370,"date":"2020-10-23T10:00:00","date_gmt":"2020-10-23T08:00:00","guid":{"rendered":"https:\/\/www.alandalusylahistoria.com\/?p=2370"},"modified":"2020-10-22T11:33:50","modified_gmt":"2020-10-22T09:33:50","slug":"el-islam-y-sus-caracteristicas-en-al-andalus","status":"publish","type":"post","link":"https:\/\/www.alandalusylahistoria.com\/?p=2370","title":{"rendered":"El Islam y sus caracter\u00edsticas en al-Andalus"},"content":{"rendered":"\n<h3 class=\"has-text-align-center wp-block-heading\">\u00abSiempre el evitar la preocupaci\u00f3n ha sido el designio com\u00fan de los hombres de todas las razas, desde que Dios crio al mundo, y lo ser\u00e1 hasta que se acabe&#8230;\u00bb (Ibn \u1e24azm)<\/h3>\n\n\n\n<p class=\"has-text-align-center wp-block-paragraph\">Conferencia de <a href=\"https:\/\/www.alandalusylahistoria.com\/?page_id=196\" data-type=\"page\" data-id=\"196\">Maribel Fierro<\/a> dentro de las <strong><a rel=\"noreferrer noopener\" href=\"https:\/\/ehutb.ehu.eus\/video\/5d8c8f93f82b2b1c1b8b4859\" target=\"_blank\">II Jornadas de introducci\u00f3n al mundo arabo-musulm\u00e1n<\/a><\/strong> de la Universidad del Pa\u00eds Vasco, 27 de septiembre de 2019<\/p>\n\n\n\n<center>\n<iframe src='https:\/\/ehutb.ehu.eus\/iframe\/5d934835f82b2bd5128b493c' id='pumukitiframe' frameborder='0' border='0' width='560' height='315' allowfullscreen><\/iframe>\n<\/center>\n","protected":false},"excerpt":{"rendered":"<p>\u00abSiempre el evitar la preocupaci\u00f3n ha sido el designio com\u00fan de los hombres de todas las razas, desde que Dios crio al mundo, y lo ser\u00e1 hasta que se acabe&#8230;\u00bb (Ibn \u1e24azm)<\/p>\n","protected":false},"author":11,"featured_media":2371,"comment_status":"closed","ping_status":"closed","sticky":false,"template":"","format":"standard","meta":{"_crdt_document":"","jetpack_post_was_ever_published":false,"footnotes":""},"categories":[13],"tags":[265,161,162],"coauthors":[262],"class_list":{"0":"post-2370","1":"post","2":"type-post","3":"status-publish","4":"format-standard","5":"has-post-thumbnail","6":"hentry","7":"category-multimedia","8":"tag-ibn-hazm","9":"tag-islam","10":"tag-religion","12":"fallback-thumbnail"},"jetpack_featured_media_url":"https:\/\/i0.wp.com\/www.alandalusylahistoria.com\/wp-content\/uploads\/2020\/10\/ibn-hazm-cordoba.jpg?fit=599%2C740&ssl=1","jetpack-related-posts":[],"_links":{"self":[{"href":"https:\/\/www.alandalusylahistoria.com\/index.php?rest_route=\/wp\/v2\/posts\/2370","targetHints":{"allow":["GET"]}}],"collection":[{"href":"https:\/\/www.alandalusylahistoria.com\/index.php?rest_route=\/wp\/v2\/posts"}],"about":[{"href":"https:\/\/www.alandalusylahistoria.com\/index.php?rest_route=\/wp\/v2\/types\/post"}],"author":[{"embeddable":true,"href":"https:\/\/www.alandalusylahistoria.com\/index.php?rest_route=\/wp\/v2\/users\/11"}],"replies":[{"embeddable":true,"href":"https:\/\/www.alandalusylahistoria.com\/index.php?rest_route=%2Fwp%2Fv2%2Fcomments&post=2370"}],"version-history":[{"count":1,"href":"https:\/\/www.alandalusylahistoria.com\/index.php?rest_route=\/wp\/v2\/posts\/2370\/revisions"}],"predecessor-version":[{"id":2372,"href":"https:\/\/www.alandalusylahistoria.com\/index.php?rest_route=\/wp\/v2\/posts\/2370\/revisions\/2372"}],"wp:featuredmedia":[{"embeddable":true,"href":"https:\/\/www.alandalusylahistoria.com\/index.php?rest_route=\/wp\/v2\/media\/2371"}],"wp:attachment":[{"href":"https:\/\/www.alandalusylahistoria.com\/index.php?rest_route=%2Fwp%2Fv2%2Fmedia&parent=2370"}],"wp:term":[{"taxonomy":"category","embeddable":true,"href":"https:\/\/www.alandalusylahistoria.com\/index.php?rest_route=%2Fwp%2Fv2%2Fcategories&post=2370"},{"taxonomy":"post_tag","embeddable":true,"href":"https:\/\/www.alandalusylahistoria.com\/index.php?rest_route=%2Fwp%2Fv2%2Ftags&post=2370"},{"taxonomy":"author","embeddable":true,"href":"https:\/\/www.alandalusylahistoria.com\/index.php?rest_route=%2Fwp%2Fv2%2Fcoauthors&post=2370"}],"curies":[{"name":"wp","href":"https:\/\/api.w.org\/{rel}","templated":true}]}}