{"id":2323,"date":"2020-10-09T09:34:55","date_gmt":"2020-10-09T07:34:55","guid":{"rendered":"https:\/\/www.alandalusylahistoria.com\/?p=2323"},"modified":"2020-10-09T09:34:59","modified_gmt":"2020-10-09T07:34:59","slug":"al-andalus-en-la-construccion-de-la-identidad-espanola","status":"publish","type":"post","link":"https:\/\/www.alandalusylahistoria.com\/?p=2323","title":{"rendered":"Al-Andalus en la construcci\u00f3n de la identidad espa\u00f1ola"},"content":{"rendered":"\n<h3 class=\"has-text-align-center wp-block-heading\">Nacionalismo y conocimiento hist\u00f3rico<\/h3>\n\n\n\n<p class=\"has-text-align-center wp-block-paragraph\">Conferencia de <a href=\"https:\/\/www.alandalusylahistoria.com\/?page_id=240\" data-type=\"page\" data-id=\"240\">Alejandro Garc\u00eda Sanju\u00e1n<\/a> dentro de las <strong><a rel=\"noreferrer noopener\" href=\"https:\/\/ehutb.ehu.eus\/video\/5d8c8f93f82b2b1c1b8b4859\" target=\"_blank\">II Jornadas de introducci\u00f3n al mundo arabo-musulm\u00e1n<\/a><\/strong> de la Universidad del Pa\u00eds Vasco, 25 de septiembre de 2019<\/p>\n\n\n\n<center>\n<iframe loading=\"lazy\" src=\"https:\/\/ehutb.ehu.eus\/iframe\/5d8c8f93f82b2b1c1b8b4859\" id=\"pumukitiframe\" border=\"0\" allowfullscreen=\"\" width=\"560\" height=\"315\" frameborder=\"0\"><\/iframe>\n<\/center>\n","protected":false},"excerpt":{"rendered":"<p>Conferencia de Alejandro Garc\u00eda Sanju\u00e1n dentro de las II Jornadas de Introducci\u00f3n al mundo arabo-musulm\u00e1n de la Universidad del Pa\u00eds Vasco, 25 de septiembre de 2019<\/p>\n","protected":false},"author":11,"featured_media":2324,"comment_status":"closed","ping_status":"closed","sticky":false,"template":"","format":"standard","meta":{"_crdt_document":"","jetpack_post_was_ever_published":false,"footnotes":""},"categories":[13],"tags":[37,40,136,56],"coauthors":[262],"class_list":{"0":"post-2323","1":"post","2":"type-post","3":"status-publish","4":"format-standard","5":"has-post-thumbnail","6":"hentry","7":"category-multimedia","8":"tag-historiografia","9":"tag-identidad","10":"tag-nacionalismo","11":"tag-reconquista","13":"fallback-thumbnail"},"jetpack_featured_media_url":"https:\/\/i0.wp.com\/www.alandalusylahistoria.com\/wp-content\/uploads\/2020\/10\/10_la_rendicion_de_granada.jpg?fit=1525%2C977&ssl=1","jetpack-related-posts":[],"_links":{"self":[{"href":"https:\/\/www.alandalusylahistoria.com\/index.php?rest_route=\/wp\/v2\/posts\/2323","targetHints":{"allow":["GET"]}}],"collection":[{"href":"https:\/\/www.alandalusylahistoria.com\/index.php?rest_route=\/wp\/v2\/posts"}],"about":[{"href":"https:\/\/www.alandalusylahistoria.com\/index.php?rest_route=\/wp\/v2\/types\/post"}],"author":[{"embeddable":true,"href":"https:\/\/www.alandalusylahistoria.com\/index.php?rest_route=\/wp\/v2\/users\/11"}],"replies":[{"embeddable":true,"href":"https:\/\/www.alandalusylahistoria.com\/index.php?rest_route=%2Fwp%2Fv2%2Fcomments&post=2323"}],"version-history":[{"count":2,"href":"https:\/\/www.alandalusylahistoria.com\/index.php?rest_route=\/wp\/v2\/posts\/2323\/revisions"}],"predecessor-version":[{"id":2326,"href":"https:\/\/www.alandalusylahistoria.com\/index.php?rest_route=\/wp\/v2\/posts\/2323\/revisions\/2326"}],"wp:featuredmedia":[{"embeddable":true,"href":"https:\/\/www.alandalusylahistoria.com\/index.php?rest_route=\/wp\/v2\/media\/2324"}],"wp:attachment":[{"href":"https:\/\/www.alandalusylahistoria.com\/index.php?rest_route=%2Fwp%2Fv2%2Fmedia&parent=2323"}],"wp:term":[{"taxonomy":"category","embeddable":true,"href":"https:\/\/www.alandalusylahistoria.com\/index.php?rest_route=%2Fwp%2Fv2%2Fcategories&post=2323"},{"taxonomy":"post_tag","embeddable":true,"href":"https:\/\/www.alandalusylahistoria.com\/index.php?rest_route=%2Fwp%2Fv2%2Ftags&post=2323"},{"taxonomy":"author","embeddable":true,"href":"https:\/\/www.alandalusylahistoria.com\/index.php?rest_route=%2Fwp%2Fv2%2Fcoauthors&post=2323"}],"curies":[{"name":"wp","href":"https:\/\/api.w.org\/{rel}","templated":true}]}}