{"id":2156,"date":"2020-07-17T15:53:39","date_gmt":"2020-07-17T13:53:39","guid":{"rendered":"https:\/\/www.alandalusylahistoria.com\/?p=2156"},"modified":"2020-07-17T15:53:45","modified_gmt":"2020-07-17T13:53:45","slug":"la-frontera-superior-de-al-andalus","status":"publish","type":"post","link":"https:\/\/www.alandalusylahistoria.com\/?p=2156","title":{"rendered":"La frontera superior de al-Andalus"},"content":{"rendered":"\n<h2 class=\"has-text-align-center wp-block-heading\">Arabizaci\u00f3n e islamizaci\u00f3n<\/h2>\n\n\n\n<p class=\"has-text-align-center wp-block-paragraph\">Conferencia del profesor <a href=\"https:\/\/ehu.academia.edu\/JesusLorenzoJimenez\" target=\"_blank\" rel=\"noreferrer noopener\">Jes\u00fas Lorenzo Jim\u00e9nez<\/a> (Universidad del Pa\u00eds Vasco) dentro del curso \u00abCalatayud y la Marca Superior\u00bb, UNED Calatayud, 11 y 12 de marzo de 2019<\/p>\n\n\n\n<figure class=\"wp-block-embed-youtube aligncenter wp-block-embed is-type-video is-provider-youtube wp-embed-aspect-16-9 wp-has-aspect-ratio\"><div class=\"wp-block-embed__wrapper\">\n<iframe loading=\"lazy\" title=\"Inauguraci\u00f3n y conferencia: Arabizaci\u00f3n e islamizaci\u00f3n de la frontera superior de al-Andalus.\" width=\"1000\" height=\"563\" src=\"https:\/\/www.youtube.com\/embed\/iSdER0Cbu8M?start=494&#038;feature=oembed\" frameborder=\"0\" allow=\"accelerometer; autoplay; encrypted-media; gyroscope; picture-in-picture\" allowfullscreen><\/iframe>\n<\/div><\/figure>\n","protected":false},"excerpt":{"rendered":"<p>Conferencia del profesor Jes\u00fas Lorenzo Jim\u00e9nez (Universidad del Pa\u00eds Vasco) sobre la arabizaci\u00f3n e islamizaci\u00f3n de la frontera superior de al-Andalus<\/p>\n","protected":false},"author":11,"featured_media":2157,"comment_status":"closed","ping_status":"closed","sticky":false,"template":"","format":"standard","meta":{"_crdt_document":"","jetpack_post_was_ever_published":false,"footnotes":""},"categories":[13],"tags":[238,239,243],"coauthors":[],"class_list":{"0":"post-2156","1":"post","2":"type-post","3":"status-publish","4":"format-standard","5":"has-post-thumbnail","6":"hentry","7":"category-multimedia","8":"tag-arabizacion","9":"tag-islamizacion","10":"tag-marca-superior","12":"fallback-thumbnail"},"jetpack_featured_media_url":"https:\/\/i0.wp.com\/www.alandalusylahistoria.com\/wp-content\/uploads\/2020\/07\/Rio_Ebro_Tudela_Navarra.jpg?fit=1200%2C615&ssl=1","_links":{"self":[{"href":"https:\/\/www.alandalusylahistoria.com\/index.php?rest_route=\/wp\/v2\/posts\/2156","targetHints":{"allow":["GET"]}}],"collection":[{"href":"https:\/\/www.alandalusylahistoria.com\/index.php?rest_route=\/wp\/v2\/posts"}],"about":[{"href":"https:\/\/www.alandalusylahistoria.com\/index.php?rest_route=\/wp\/v2\/types\/post"}],"author":[{"embeddable":true,"href":"https:\/\/www.alandalusylahistoria.com\/index.php?rest_route=\/wp\/v2\/users\/11"}],"replies":[{"embeddable":true,"href":"https:\/\/www.alandalusylahistoria.com\/index.php?rest_route=%2Fwp%2Fv2%2Fcomments&post=2156"}],"version-history":[{"count":1,"href":"https:\/\/www.alandalusylahistoria.com\/index.php?rest_route=\/wp\/v2\/posts\/2156\/revisions"}],"predecessor-version":[{"id":2158,"href":"https:\/\/www.alandalusylahistoria.com\/index.php?rest_route=\/wp\/v2\/posts\/2156\/revisions\/2158"}],"wp:featuredmedia":[{"embeddable":true,"href":"https:\/\/www.alandalusylahistoria.com\/index.php?rest_route=\/wp\/v2\/media\/2157"}],"wp:attachment":[{"href":"https:\/\/www.alandalusylahistoria.com\/index.php?rest_route=%2Fwp%2Fv2%2Fmedia&parent=2156"}],"wp:term":[{"taxonomy":"category","embeddable":true,"href":"https:\/\/www.alandalusylahistoria.com\/index.php?rest_route=%2Fwp%2Fv2%2Fcategories&post=2156"},{"taxonomy":"post_tag","embeddable":true,"href":"https:\/\/www.alandalusylahistoria.com\/index.php?rest_route=%2Fwp%2Fv2%2Ftags&post=2156"},{"taxonomy":"author","embeddable":true,"href":"https:\/\/www.alandalusylahistoria.com\/index.php?rest_route=%2Fwp%2Fv2%2Fcoauthors&post=2156"}],"curies":[{"name":"wp","href":"https:\/\/api.w.org\/{rel}","templated":true}]}}