{"id":2126,"date":"2020-07-03T19:25:12","date_gmt":"2020-07-03T17:25:12","guid":{"rendered":"https:\/\/www.alandalusylahistoria.com\/?p=2126"},"modified":"2020-07-03T19:25:16","modified_gmt":"2020-07-03T17:25:16","slug":"la-granada-ziri","status":"publish","type":"post","link":"https:\/\/www.alandalusylahistoria.com\/?p=2126","title":{"rendered":"La Granada zir\u00ed"},"content":{"rendered":"\n<h3 class=\"has-text-align-center wp-block-heading\">Gracias a un excelente trabajo de reconstrucci\u00f3n virtual en 3-D podemos adentrarnos en la historia de la Granada de los zir\u00edes<\/h3>\n\n\n\n<p class=\"has-text-align-center wp-block-paragraph\">Un magn\u00edfico v\u00eddeo realizado en el marco de la exposici\u00f3n \u00abLa Granada zir\u00ed y el universo ber\u00e9ber\u00bb nos ofrece un inmejorable recorrido por la historia esta fascinante ciudad andalus\u00ed<\/p>\n\n\n\n<figure class=\"wp-block-embed-youtube aligncenter wp-block-embed is-type-video is-provider-youtube wp-embed-aspect-16-9 wp-has-aspect-ratio\"><div class=\"wp-block-embed__wrapper\">\n<iframe loading=\"lazy\" title=\"La Granada zir\u00ed\" width=\"1000\" height=\"563\" src=\"https:\/\/www.youtube.com\/embed\/65YfX1IhZpQ?feature=oembed\" frameborder=\"0\" allow=\"accelerometer; autoplay; encrypted-media; gyroscope; picture-in-picture\" allowfullscreen><\/iframe>\n<\/div><\/figure>\n","protected":false},"excerpt":{"rendered":"<p>Gracias a un excelente trabajo de reconstrucci\u00f3n virtual en 3-D podemos adentrarnos en la historia de la Granada de los zir\u00edes. Un magn\u00edfico v\u00eddeo realizado en el marco de la exposici\u00f3n \u00abLa Granada zir\u00ed y el universo ber\u00e9ber\u00bb nos ofrece un inmejorable recorrido por la historia esta fascinante ciudad andalus\u00ed<\/p>\n","protected":false},"author":11,"featured_media":2127,"comment_status":"closed","ping_status":"closed","sticky":false,"template":"","format":"standard","meta":{"_crdt_document":"","jetpack_post_was_ever_published":false,"footnotes":""},"categories":[13],"tags":[94,234,89,211,235],"coauthors":[],"class_list":{"0":"post-2126","1":"post","2":"type-post","3":"status-publish","4":"format-standard","5":"has-post-thumbnail","6":"hentry","7":"category-multimedia","8":"tag-arquitectura-andalusi","9":"tag-bereberes","10":"tag-granada","11":"tag-urbanismo","12":"tag-ziries","14":"fallback-thumbnail"},"jetpack_featured_media_url":"https:\/\/i0.wp.com\/www.alandalusylahistoria.com\/wp-content\/uploads\/2020\/07\/alhambra.jpg?fit=1280%2C660&ssl=1","_links":{"self":[{"href":"https:\/\/www.alandalusylahistoria.com\/index.php?rest_route=\/wp\/v2\/posts\/2126","targetHints":{"allow":["GET"]}}],"collection":[{"href":"https:\/\/www.alandalusylahistoria.com\/index.php?rest_route=\/wp\/v2\/posts"}],"about":[{"href":"https:\/\/www.alandalusylahistoria.com\/index.php?rest_route=\/wp\/v2\/types\/post"}],"author":[{"embeddable":true,"href":"https:\/\/www.alandalusylahistoria.com\/index.php?rest_route=\/wp\/v2\/users\/11"}],"replies":[{"embeddable":true,"href":"https:\/\/www.alandalusylahistoria.com\/index.php?rest_route=%2Fwp%2Fv2%2Fcomments&post=2126"}],"version-history":[{"count":3,"href":"https:\/\/www.alandalusylahistoria.com\/index.php?rest_route=\/wp\/v2\/posts\/2126\/revisions"}],"predecessor-version":[{"id":2130,"href":"https:\/\/www.alandalusylahistoria.com\/index.php?rest_route=\/wp\/v2\/posts\/2126\/revisions\/2130"}],"wp:featuredmedia":[{"embeddable":true,"href":"https:\/\/www.alandalusylahistoria.com\/index.php?rest_route=\/wp\/v2\/media\/2127"}],"wp:attachment":[{"href":"https:\/\/www.alandalusylahistoria.com\/index.php?rest_route=%2Fwp%2Fv2%2Fmedia&parent=2126"}],"wp:term":[{"taxonomy":"category","embeddable":true,"href":"https:\/\/www.alandalusylahistoria.com\/index.php?rest_route=%2Fwp%2Fv2%2Fcategories&post=2126"},{"taxonomy":"post_tag","embeddable":true,"href":"https:\/\/www.alandalusylahistoria.com\/index.php?rest_route=%2Fwp%2Fv2%2Ftags&post=2126"},{"taxonomy":"author","embeddable":true,"href":"https:\/\/www.alandalusylahistoria.com\/index.php?rest_route=%2Fwp%2Fv2%2Fcoauthors&post=2126"}],"curies":[{"name":"wp","href":"https:\/\/api.w.org\/{rel}","templated":true}]}}