{"id":2040,"date":"2020-06-05T16:45:04","date_gmt":"2020-06-05T16:45:04","guid":{"rendered":"https:\/\/www.alandalusylahistoria.com\/?p=2040"},"modified":"2020-06-23T15:20:14","modified_gmt":"2020-06-23T13:20:14","slug":"bereberes-en-al-andalus-ziries-en-granada","status":"publish","type":"post","link":"https:\/\/www.alandalusylahistoria.com\/?p=2040","title":{"rendered":"Bereberes en al-Andalus, zir\u00edes en Granada"},"content":{"rendered":"\n<h3 class=\"has-text-align-center wp-block-heading\">Una conversaci\u00f3n alrededor de la exposici\u00f3n <a href=\"https:\/\/www.alhambra-patronato.es\/disfrutar\/la-granada-ziri-y-el-universo-bereber\" target=\"_blank\" rel=\"noreferrer noopener\">\u00abLa Granada Zir\u00ed y el Universo Ber\u00e9ber\u00bb<\/a>, acerca de la historia del pueblo ber\u00e9ber y su experiencia en al-Andalus<\/h3>\n\n\n\n<p class=\"has-text-align-center wp-block-paragraph\">Entrevista a la profesora <a rel=\"noreferrer noopener\" href=\"https:\/\/www.uma.es\/departamento-de-historia-del-arte\/info\/117761\/maria-marcos-cobaleda\/\" target=\"_blank\">Mar\u00eda Marcos Cobaleda<\/a> (Universidad de M\u00e1laga) en el programa \u00abLa Memor\u00eda\u00bb de Canal Sur.<\/p>\n\n\n\n<figure class=\"wp-block-embed-youtube aligncenter wp-block-embed is-type-video is-provider-youtube wp-embed-aspect-16-9 wp-has-aspect-ratio\"><div class=\"wp-block-embed__wrapper\">\n<iframe loading=\"lazy\" title=\"La Memoria | Mar\u00eda Marcos Cobaleda\" width=\"1000\" height=\"563\" src=\"https:\/\/www.youtube.com\/embed\/vx6hjk1rosM?start=162&#038;feature=oembed\" frameborder=\"0\" allow=\"accelerometer; autoplay; encrypted-media; gyroscope; picture-in-picture\" allowfullscreen><\/iframe>\n<\/div><\/figure>\n","protected":false},"excerpt":{"rendered":"<p>Una conversaci\u00f3n alrededor de la exposici\u00f3n \u00abLa Granada Zir\u00ed y el Universo Ber\u00e9ber\u00bb, acerca de la historia del pueblo ber\u00e9ber y su experiencia en al-Andalus Entrevista a la profesora Mar\u00eda Marcos Cobaleda (Universidad de M\u00e1laga) en el programa \u00abLa Memor\u00eda\u00bb de Canal Sur.<\/p>\n","protected":false},"author":11,"featured_media":2041,"comment_status":"closed","ping_status":"closed","sticky":false,"template":"","format":"standard","meta":{"_crdt_document":"","jetpack_post_was_ever_published":false,"footnotes":""},"categories":[13],"tags":[234,89,235],"coauthors":[],"class_list":{"0":"post-2040","1":"post","2":"type-post","3":"status-publish","4":"format-standard","5":"has-post-thumbnail","6":"hentry","7":"category-multimedia","8":"tag-bereberes","9":"tag-granada","10":"tag-ziries","12":"fallback-thumbnail"},"jetpack_featured_media_url":"https:\/\/i0.wp.com\/www.alandalusylahistoria.com\/wp-content\/uploads\/2020\/06\/cartel-la-granada-zir%C3%AD-trazado-sin-marcas-de-corte.jpg?fit=480%2C960&ssl=1","_links":{"self":[{"href":"https:\/\/www.alandalusylahistoria.com\/index.php?rest_route=\/wp\/v2\/posts\/2040","targetHints":{"allow":["GET"]}}],"collection":[{"href":"https:\/\/www.alandalusylahistoria.com\/index.php?rest_route=\/wp\/v2\/posts"}],"about":[{"href":"https:\/\/www.alandalusylahistoria.com\/index.php?rest_route=\/wp\/v2\/types\/post"}],"author":[{"embeddable":true,"href":"https:\/\/www.alandalusylahistoria.com\/index.php?rest_route=\/wp\/v2\/users\/11"}],"replies":[{"embeddable":true,"href":"https:\/\/www.alandalusylahistoria.com\/index.php?rest_route=%2Fwp%2Fv2%2Fcomments&post=2040"}],"version-history":[{"count":3,"href":"https:\/\/www.alandalusylahistoria.com\/index.php?rest_route=\/wp\/v2\/posts\/2040\/revisions"}],"predecessor-version":[{"id":2096,"href":"https:\/\/www.alandalusylahistoria.com\/index.php?rest_route=\/wp\/v2\/posts\/2040\/revisions\/2096"}],"wp:featuredmedia":[{"embeddable":true,"href":"https:\/\/www.alandalusylahistoria.com\/index.php?rest_route=\/wp\/v2\/media\/2041"}],"wp:attachment":[{"href":"https:\/\/www.alandalusylahistoria.com\/index.php?rest_route=%2Fwp%2Fv2%2Fmedia&parent=2040"}],"wp:term":[{"taxonomy":"category","embeddable":true,"href":"https:\/\/www.alandalusylahistoria.com\/index.php?rest_route=%2Fwp%2Fv2%2Fcategories&post=2040"},{"taxonomy":"post_tag","embeddable":true,"href":"https:\/\/www.alandalusylahistoria.com\/index.php?rest_route=%2Fwp%2Fv2%2Ftags&post=2040"},{"taxonomy":"author","embeddable":true,"href":"https:\/\/www.alandalusylahistoria.com\/index.php?rest_route=%2Fwp%2Fv2%2Fcoauthors&post=2040"}],"curies":[{"name":"wp","href":"https:\/\/api.w.org\/{rel}","templated":true}]}}