{"id":1773,"date":"2020-03-11T16:54:56","date_gmt":"2020-03-11T16:54:56","guid":{"rendered":"http:\/\/www.alandalusylahistoria.com\/?p=1773"},"modified":"2020-03-11T17:27:53","modified_gmt":"2020-03-11T17:27:53","slug":"desheredados-de-al-andalus","status":"publish","type":"post","link":"https:\/\/www.alandalusylahistoria.com\/?p=1773","title":{"rendered":"Desheredados de al-Andalus"},"content":{"rendered":"\n<h2 class=\"has-text-align-center wp-block-heading\">La cultura de mud\u00e9jares y moriscos<\/h2>\n\n\n\n<p class=\"has-text-align-center wp-block-paragraph\">Conferencia a cargo de <a href=\"https:\/\/cvnet.cpd.ua.es\/curriculum-breve\/es\/bernabe-pons-luis-fernando\/1227\" target=\"_blank\" rel=\"noreferrer noopener\">Luis Fernando Bernab\u00e9 Pons<\/a>, catedr\u00e1tico de Estudios \u00c1rabes e Isl\u00e1micos en el Departamento de Filolog\u00edas Integradas de la Universidad de Alicante. Organizada por el Latin American, Caribbean &amp; Iberian Studies Program de la Universidad de Wisconsin-Madison (abril de 2011).<\/p>\n\n\n\n<hr class=\"wp-block-separator\"\/>\n\n\n\n<iframe loading=\"lazy\" aligncenter=\"\" src=\"https:\/\/www.youtube.com\/embed\/RhUyLrjjmds?start=158\" allow=\"accelerometer; autoplay; encrypted-media; gyroscope; picture-in-picture\" allowfullscreen=\"\" width=\"700\" height=\"500\" frameborder=\"0\"><\/iframe>\n\n\n\n<p class=\"has-text-color has-text-align-center has-small-font-size has-medium-gray-color wp-block-paragraph\">Primera Parte<\/p>\n\n\n\n<hr class=\"wp-block-separator has-text-color has-background has-bright-blue-background-color has-bright-blue-color\"\/>\n\n\n\n<figure class=\"wp-block-embed-youtube aligncenter wp-block-embed is-type-video is-provider-youtube wp-embed-aspect-4-3 wp-has-aspect-ratio\"><div class=\"wp-block-embed__wrapper\">\n<iframe loading=\"lazy\" title=\"Desheredados de al-Andalus: la cultural de mudejares y moriscos (Part 2)\" width=\"1000\" height=\"750\" src=\"https:\/\/www.youtube.com\/embed\/XnGjO7cdzy0?feature=oembed\" frameborder=\"0\" allow=\"accelerometer; autoplay; encrypted-media; gyroscope; picture-in-picture\" allowfullscreen><\/iframe>\n<\/div><figcaption>Segunda Parte<\/figcaption><\/figure>\n\n\n\n<hr class=\"wp-block-separator\"\/>\n","protected":false},"excerpt":{"rendered":"<p>La cultura de mud\u00e9jares y moriscos. Conferencia de Luis F. Bernab\u00e9 Pons<\/p>\n","protected":false},"author":11,"featured_media":1774,"comment_status":"closed","ping_status":"closed","sticky":false,"template":"","format":"standard","meta":{"_crdt_document":"","jetpack_post_was_ever_published":false,"footnotes":""},"categories":[13],"tags":[210,84,134],"coauthors":[],"class_list":{"0":"post-1773","1":"post","2":"type-post","3":"status-publish","4":"format-standard","5":"has-post-thumbnail","6":"hentry","7":"category-multimedia","8":"tag-literatura-aljamiada","9":"tag-moriscos","10":"tag-mudejares","12":"fallback-thumbnail"},"jetpack_featured_media_url":"https:\/\/i0.wp.com\/www.alandalusylahistoria.com\/wp-content\/uploads\/2020\/03\/Mauresque_de_Grenade_BNF.jpeg?fit=946%2C1566&ssl=1","_links":{"self":[{"href":"https:\/\/www.alandalusylahistoria.com\/index.php?rest_route=\/wp\/v2\/posts\/1773","targetHints":{"allow":["GET"]}}],"collection":[{"href":"https:\/\/www.alandalusylahistoria.com\/index.php?rest_route=\/wp\/v2\/posts"}],"about":[{"href":"https:\/\/www.alandalusylahistoria.com\/index.php?rest_route=\/wp\/v2\/types\/post"}],"author":[{"embeddable":true,"href":"https:\/\/www.alandalusylahistoria.com\/index.php?rest_route=\/wp\/v2\/users\/11"}],"replies":[{"embeddable":true,"href":"https:\/\/www.alandalusylahistoria.com\/index.php?rest_route=%2Fwp%2Fv2%2Fcomments&post=1773"}],"version-history":[{"count":16,"href":"https:\/\/www.alandalusylahistoria.com\/index.php?rest_route=\/wp\/v2\/posts\/1773\/revisions"}],"predecessor-version":[{"id":1792,"href":"https:\/\/www.alandalusylahistoria.com\/index.php?rest_route=\/wp\/v2\/posts\/1773\/revisions\/1792"}],"wp:featuredmedia":[{"embeddable":true,"href":"https:\/\/www.alandalusylahistoria.com\/index.php?rest_route=\/wp\/v2\/media\/1774"}],"wp:attachment":[{"href":"https:\/\/www.alandalusylahistoria.com\/index.php?rest_route=%2Fwp%2Fv2%2Fmedia&parent=1773"}],"wp:term":[{"taxonomy":"category","embeddable":true,"href":"https:\/\/www.alandalusylahistoria.com\/index.php?rest_route=%2Fwp%2Fv2%2Fcategories&post=1773"},{"taxonomy":"post_tag","embeddable":true,"href":"https:\/\/www.alandalusylahistoria.com\/index.php?rest_route=%2Fwp%2Fv2%2Ftags&post=1773"},{"taxonomy":"author","embeddable":true,"href":"https:\/\/www.alandalusylahistoria.com\/index.php?rest_route=%2Fwp%2Fv2%2Fcoauthors&post=1773"}],"curies":[{"name":"wp","href":"https:\/\/api.w.org\/{rel}","templated":true}]}}