{"id":1666,"date":"2020-01-09T09:20:15","date_gmt":"2020-01-09T09:20:15","guid":{"rendered":"http:\/\/www.alandalusylahistoria.com\/?p=1666"},"modified":"2020-01-09T09:22:57","modified_gmt":"2020-01-09T09:22:57","slug":"la-ideologia-de-la-reconquista","status":"publish","type":"post","link":"https:\/\/www.alandalusylahistoria.com\/?p=1666","title":{"rendered":"La ideolog\u00eda de &quot;La Reconquista&quot;"},"content":{"rendered":"\n<h3 class=\"has-text-align-center wp-block-heading\">Carlos de Ayala y Santiago Palacios presentan en la Cadena Ser su nuevo libro (coeditado con Isabel C. Ferreira): <em><a rel=\"noreferrer noopener\" aria-label=\"La Reconquista. ideolog\u00eda y justificaci\u00f3n de la Guerra Santa peninsular (abre en una nueva pesta\u00f1a)\" href=\"http:\/\/laergastula.com\/producto\/la-reconquista\/\" target=\"_blank\">La Reconquista. ideolog\u00eda y justificaci\u00f3n de la Guerra Santa peninsular<\/a><\/em>, sobre el nacimiento de esta idea y c\u00f3mo sigue siendo objeto de debate hoy en d\u00eda<\/h3>\n\n\n\n<hr class=\"wp-block-separator is-style-default\"\/>\n\n\n\n<figure><iframe loading=\"lazy\" src=\"https:\/\/play.cadenaser.com\/widget\/audio\/1576572843_949625\/270\/\" allowfullscreen=\"\" width=\"100%\" height=\"360\"><\/iframe><\/figure>\n","protected":false},"excerpt":{"rendered":"<p>Carlos de Ayala y Santiago Palacios presentan en la Cadena Ser su nuevo libro (coeditado con Isabel C. Ferreira): La Reconquista. ideolog\u00eda y justificaci\u00f3n de la Guerra Santa peninsular, sobre el nacimiento de esta idea y c\u00f3mo sigue siendo objeto de debate hoy en d\u00eda<\/p>\n","protected":false},"author":11,"featured_media":542,"comment_status":"closed","ping_status":"closed","sticky":false,"template":"","format":"standard","meta":{"_crdt_document":"","jetpack_post_was_ever_published":false,"footnotes":""},"categories":[13],"tags":[59,170,57,56],"coauthors":[],"class_list":{"0":"post-1666","1":"post","2":"type-post","3":"status-publish","4":"format-standard","5":"has-post-thumbnail","6":"hentry","7":"category-multimedia","8":"tag-cruzada","9":"tag-guerra-santa","10":"tag-ideologia","11":"tag-reconquista","13":"fallback-thumbnail"},"jetpack_featured_media_url":"https:\/\/i0.wp.com\/www.alandalusylahistoria.com\/wp-content\/uploads\/2018\/09\/Corpus_Pelagianum.jpg?fit=824%2C1183&ssl=1","_links":{"self":[{"href":"https:\/\/www.alandalusylahistoria.com\/index.php?rest_route=\/wp\/v2\/posts\/1666","targetHints":{"allow":["GET"]}}],"collection":[{"href":"https:\/\/www.alandalusylahistoria.com\/index.php?rest_route=\/wp\/v2\/posts"}],"about":[{"href":"https:\/\/www.alandalusylahistoria.com\/index.php?rest_route=\/wp\/v2\/types\/post"}],"author":[{"embeddable":true,"href":"https:\/\/www.alandalusylahistoria.com\/index.php?rest_route=\/wp\/v2\/users\/11"}],"replies":[{"embeddable":true,"href":"https:\/\/www.alandalusylahistoria.com\/index.php?rest_route=%2Fwp%2Fv2%2Fcomments&post=1666"}],"version-history":[{"count":5,"href":"https:\/\/www.alandalusylahistoria.com\/index.php?rest_route=\/wp\/v2\/posts\/1666\/revisions"}],"predecessor-version":[{"id":1673,"href":"https:\/\/www.alandalusylahistoria.com\/index.php?rest_route=\/wp\/v2\/posts\/1666\/revisions\/1673"}],"wp:featuredmedia":[{"embeddable":true,"href":"https:\/\/www.alandalusylahistoria.com\/index.php?rest_route=\/wp\/v2\/media\/542"}],"wp:attachment":[{"href":"https:\/\/www.alandalusylahistoria.com\/index.php?rest_route=%2Fwp%2Fv2%2Fmedia&parent=1666"}],"wp:term":[{"taxonomy":"category","embeddable":true,"href":"https:\/\/www.alandalusylahistoria.com\/index.php?rest_route=%2Fwp%2Fv2%2Fcategories&post=1666"},{"taxonomy":"post_tag","embeddable":true,"href":"https:\/\/www.alandalusylahistoria.com\/index.php?rest_route=%2Fwp%2Fv2%2Ftags&post=1666"},{"taxonomy":"author","embeddable":true,"href":"https:\/\/www.alandalusylahistoria.com\/index.php?rest_route=%2Fwp%2Fv2%2Fcoauthors&post=1666"}],"curies":[{"name":"wp","href":"https:\/\/api.w.org\/{rel}","templated":true}]}}