{"id":1562,"date":"2019-11-02T07:45:43","date_gmt":"2019-11-02T07:45:43","guid":{"rendered":"http:\/\/www.alandalusylahistoria.com\/?p=1562"},"modified":"2019-11-02T07:53:17","modified_gmt":"2019-11-02T07:53:17","slug":"mas-sobre-la-corte-del-califa","status":"publish","type":"post","link":"https:\/\/www.alandalusylahistoria.com\/?p=1562","title":{"rendered":"M\u00e1s sobre La Corte del Califa"},"content":{"rendered":"\n<h3 class=\"has-text-align-center wp-block-heading\">Presentaci\u00f3n en <a rel=\"noreferrer noopener\" aria-label=\"Casa \u00c1rabe (abre en una nueva pesta\u00f1a)\" href=\"http:\/\/www.casaarabe.es\/\" target=\"_blank\">Casa \u00c1rabe<\/a> de la obra de <a href=\"http:\/\/www.alandalusylahistoria.com\/?page_id=248\">Eduardo Manzano Moreno<\/a>, <em><a rel=\"noreferrer noopener\" aria-label=\"La Corte del Califa (abre en una nueva pesta\u00f1a)\" href=\"https:\/\/www.planetadelibros.com\/libro-la-corte-del-califa\/273095\" target=\"_blank\">La Corte del Califa<\/a><\/em>. Participan Pedro Mart\u00ednez-Avial, director de Casa \u00c1rabe, Antonio Vallejo Triano, conservador de Patrimonio Hist\u00f3rico de la Junta de Andaluc\u00eda, y el propio autor<\/h3>\n\n\n\n<figure class=\"wp-block-embed-youtube aligncenter wp-block-embed is-type-video is-provider-youtube wp-embed-aspect-16-9 wp-has-aspect-ratio\"><div class=\"wp-block-embed__wrapper\">\n<iframe loading=\"lazy\" title=\"\u201cLa corte del califa. Cuatro a\u00f1os en la C\u00f3rdoba de los califas omeyas\u201d\" width=\"1000\" height=\"563\" src=\"https:\/\/www.youtube.com\/embed\/06KhzgyXjC4?feature=oembed\" frameborder=\"0\" allow=\"accelerometer; autoplay; encrypted-media; gyroscope; picture-in-picture\" allowfullscreen><\/iframe>\n<\/div><\/figure>\n","protected":false},"excerpt":{"rendered":"<p>Presentaci\u00f3n en Casa \u00c1rabe de la obra de Eduardo Manzano Moreno, La Corte del Califa. Participan Pedro Mart\u00ednez-Avial, director de Casa \u00c1rabe, Antonio Vallejo Triano, conservador de Patrimonio Hist\u00f3rico de la Junta de Andaluc\u00eda, y el propio autor<\/p>\n","protected":false},"author":11,"featured_media":1566,"comment_status":"closed","ping_status":"closed","sticky":false,"template":"","format":"standard","meta":{"_crdt_document":"","jetpack_post_was_ever_published":false,"footnotes":""},"categories":[13],"tags":[46,47],"coauthors":[],"class_list":{"0":"post-1562","1":"post","2":"type-post","3":"status-publish","4":"format-standard","5":"has-post-thumbnail","6":"hentry","7":"category-multimedia","8":"tag-al-hakam-ii","9":"tag-califato-de-cordoba","11":"fallback-thumbnail"},"jetpack_featured_media_url":"https:\/\/i0.wp.com\/www.alandalusylahistoria.com\/wp-content\/uploads\/2019\/11\/cortedelcalifa1.jpg?fit=620%2C764&ssl=1","_links":{"self":[{"href":"https:\/\/www.alandalusylahistoria.com\/index.php?rest_route=\/wp\/v2\/posts\/1562","targetHints":{"allow":["GET"]}}],"collection":[{"href":"https:\/\/www.alandalusylahistoria.com\/index.php?rest_route=\/wp\/v2\/posts"}],"about":[{"href":"https:\/\/www.alandalusylahistoria.com\/index.php?rest_route=\/wp\/v2\/types\/post"}],"author":[{"embeddable":true,"href":"https:\/\/www.alandalusylahistoria.com\/index.php?rest_route=\/wp\/v2\/users\/11"}],"replies":[{"embeddable":true,"href":"https:\/\/www.alandalusylahistoria.com\/index.php?rest_route=%2Fwp%2Fv2%2Fcomments&post=1562"}],"version-history":[{"count":2,"href":"https:\/\/www.alandalusylahistoria.com\/index.php?rest_route=\/wp\/v2\/posts\/1562\/revisions"}],"predecessor-version":[{"id":1567,"href":"https:\/\/www.alandalusylahistoria.com\/index.php?rest_route=\/wp\/v2\/posts\/1562\/revisions\/1567"}],"wp:featuredmedia":[{"embeddable":true,"href":"https:\/\/www.alandalusylahistoria.com\/index.php?rest_route=\/wp\/v2\/media\/1566"}],"wp:attachment":[{"href":"https:\/\/www.alandalusylahistoria.com\/index.php?rest_route=%2Fwp%2Fv2%2Fmedia&parent=1562"}],"wp:term":[{"taxonomy":"category","embeddable":true,"href":"https:\/\/www.alandalusylahistoria.com\/index.php?rest_route=%2Fwp%2Fv2%2Fcategories&post=1562"},{"taxonomy":"post_tag","embeddable":true,"href":"https:\/\/www.alandalusylahistoria.com\/index.php?rest_route=%2Fwp%2Fv2%2Ftags&post=1562"},{"taxonomy":"author","embeddable":true,"href":"https:\/\/www.alandalusylahistoria.com\/index.php?rest_route=%2Fwp%2Fv2%2Fcoauthors&post=1562"}],"curies":[{"name":"wp","href":"https:\/\/api.w.org\/{rel}","templated":true}]}}