{"id":1537,"date":"2019-10-17T07:56:57","date_gmt":"2019-10-17T07:56:57","guid":{"rendered":"http:\/\/www.alandalusylahistoria.com\/?p=1537"},"modified":"2019-10-17T07:57:02","modified_gmt":"2019-10-17T07:57:02","slug":"la-conquista-islamica-de-la-peninsula-iberica-y-la-formacion-de-al-andalus","status":"publish","type":"post","link":"https:\/\/www.alandalusylahistoria.com\/?p=1537","title":{"rendered":"La conquista isl\u00e1mica de la pen\u00ednsula ib\u00e9rica y la formaci\u00f3n de al-\u00c1ndalus"},"content":{"rendered":"\n<h3 class=\"has-text-align-center wp-block-heading\">El programa <a rel=\"noreferrer noopener\" aria-label=\"&quot;Historias de bolsillo&quot; de Radio Universidad de Salamanca (abre en una nueva pesta\u00f1a)\" href=\"http:\/\/radio.usal.es\/programa\/historias-de-bolsillo\/\" target=\"_blank\">\u00abHistorias de bolsillo\u00bb de Radio Universidad de Salamanca<\/a>, entrevista a Alejandro Garc\u00eda Sanju\u00e1n, autor del libro \u00abLa conquista  isl\u00e1mica de la pen\u00ednsula ib\u00e9rica y la tergiversaci\u00f3n del pasado\u00bb,  recientemente reeditado.<br>A trav\u00e9s de la interpretaci\u00f3n de los procesos  hist\u00f3ricos que desembocaron en la formaci\u00f3n de al-\u00c1ndalus, se abordan algunos de los mitos, los usos partidistas y los t\u00f3picos <\/h3>\n\n\n\n<iframe id='audio_43064951' frameborder='0' allowfullscreen='' scrolling='no' height='200' style='border:1px solid #EEE; box-sizing:border-box; width:100%;' src=\"https:\/\/www.ivoox.com\/player_ej_43064951_4_1.html?c1=ff6600\"><\/iframe>\n","protected":false},"excerpt":{"rendered":"<p>El programa \u00abHistorias de bolsillo\u00bb de Radio Universidad de Salamanca, entrevista a Alejandro Garc\u00eda Sanju\u00e1n, autor del libro \u00abLa conquista  isl\u00e1mica de la pen\u00ednsula ib\u00e9rica y la tergiversaci\u00f3n del pasado\u00bb,  recientemente reeditado<\/p>\n","protected":false},"author":11,"featured_media":635,"comment_status":"closed","ping_status":"closed","sticky":false,"template":"","format":"standard","meta":{"_crdt_document":"","jetpack_post_was_ever_published":false,"footnotes":""},"categories":[13],"tags":[72,159],"coauthors":[],"class_list":{"0":"post-1537","1":"post","2":"type-post","3":"status-publish","4":"format-standard","5":"has-post-thumbnail","6":"hentry","7":"category-multimedia","8":"tag-conquista-islamica","9":"tag-mitos","11":"fallback-thumbnail"},"jetpack_featured_media_url":"https:\/\/i0.wp.com\/www.alandalusylahistoria.com\/wp-content\/uploads\/2018\/10\/Martinez_Cubells_Guadelete.jpg?fit=680%2C501&ssl=1","_links":{"self":[{"href":"https:\/\/www.alandalusylahistoria.com\/index.php?rest_route=\/wp\/v2\/posts\/1537","targetHints":{"allow":["GET"]}}],"collection":[{"href":"https:\/\/www.alandalusylahistoria.com\/index.php?rest_route=\/wp\/v2\/posts"}],"about":[{"href":"https:\/\/www.alandalusylahistoria.com\/index.php?rest_route=\/wp\/v2\/types\/post"}],"author":[{"embeddable":true,"href":"https:\/\/www.alandalusylahistoria.com\/index.php?rest_route=\/wp\/v2\/users\/11"}],"replies":[{"embeddable":true,"href":"https:\/\/www.alandalusylahistoria.com\/index.php?rest_route=%2Fwp%2Fv2%2Fcomments&post=1537"}],"version-history":[{"count":2,"href":"https:\/\/www.alandalusylahistoria.com\/index.php?rest_route=\/wp\/v2\/posts\/1537\/revisions"}],"predecessor-version":[{"id":1540,"href":"https:\/\/www.alandalusylahistoria.com\/index.php?rest_route=\/wp\/v2\/posts\/1537\/revisions\/1540"}],"wp:featuredmedia":[{"embeddable":true,"href":"https:\/\/www.alandalusylahistoria.com\/index.php?rest_route=\/wp\/v2\/media\/635"}],"wp:attachment":[{"href":"https:\/\/www.alandalusylahistoria.com\/index.php?rest_route=%2Fwp%2Fv2%2Fmedia&parent=1537"}],"wp:term":[{"taxonomy":"category","embeddable":true,"href":"https:\/\/www.alandalusylahistoria.com\/index.php?rest_route=%2Fwp%2Fv2%2Fcategories&post=1537"},{"taxonomy":"post_tag","embeddable":true,"href":"https:\/\/www.alandalusylahistoria.com\/index.php?rest_route=%2Fwp%2Fv2%2Ftags&post=1537"},{"taxonomy":"author","embeddable":true,"href":"https:\/\/www.alandalusylahistoria.com\/index.php?rest_route=%2Fwp%2Fv2%2Fcoauthors&post=1537"}],"curies":[{"name":"wp","href":"https:\/\/api.w.org\/{rel}","templated":true}]}}