{"id":1399,"date":"2019-09-02T10:23:43","date_gmt":"2019-09-02T10:23:43","guid":{"rendered":"http:\/\/www.alandalusylahistoria.com\/?p=1399"},"modified":"2019-09-02T10:23:49","modified_gmt":"2019-09-02T10:23:49","slug":"reinos-de-fe","status":"publish","type":"post","link":"https:\/\/www.alandalusylahistoria.com\/?p=1399","title":{"rendered":"Reinos de Fe"},"content":{"rendered":"\n<h3 class=\"has-text-align-center wp-block-heading\">En esta entrevista realizada en la Cadena Ser, <a href=\"https:\/\/spot.colorado.edu\/~brca9995\/brianacatlos\/index.html\" target=\"_blank\" rel=\"noreferrer noopener\" aria-label=\"Brian Catlos (abre en una nueva pesta\u00f1a)\">Brian Catlos<\/a> presenta su libro <em><a href=\"http:\/\/pasadopresente.com\/component\/booklibraries\/bookdetails\/2019-05-13-10-01-18\" target=\"_blank\" rel=\"noreferrer noopener\" aria-label=\"Reinos de Fe (abre en una nueva pesta\u00f1a)\">Reinos de Fe<\/a><\/em>, en el que analiza de manera amena y rigurosa la historia de al-Andalus. En medio de un agresivo y politizado debate abierto sobre la historia de  al-\u00c1ndalus,<em> Reinos de fe<\/em> supone una nueva manera de entender siete  siglos de civilizaci\u00f3n isl\u00e1mica en la pen\u00ednsula. Ni el campo de un  choque de civilizaciones, ni un id\u00edlico para\u00edso de la convivencia  pac\u00edfica, al-\u00c1ndalus fue una construcci\u00f3n pol\u00edtica y religiosa muy  compleja que tuvo que buscar equilibrios entre facciones enfrentadas y  muy a menudo estableciendo importantes lazos de conveniencia con los  poderes cristianos.<\/h3>\n\n\n\n<figure class=\"wp-block-embed is-type-rich is-provider-gestor-del-servicio\"><div class=\"wp-block-embed__wrapper\">\n<audio class=\"wp-audio-shortcode\" id=\"audio-1399-1\" preload=\"none\" style=\"width: 100%;\" controls=\"controls\"><source type=\"audio\/mpeg\" src=\"https:\/\/prisa-es.mc.tritondigital.com\/SER_SER_MADRID_SUR_HOY_POR_HOY\/media\/2019\/8\/20\/1566302523_836191.mp3?_=1\" \/><a href=\"https:\/\/prisa-es.mc.tritondigital.com\/SER_SER_MADRID_SUR_HOY_POR_HOY\/media\/2019\/8\/20\/1566302523_836191.mp3\">https:\/\/prisa-es.mc.tritondigital.com\/SER_SER_MADRID_SUR_HOY_POR_HOY\/media\/2019\/8\/20\/1566302523_836191.mp3<\/a><\/audio>\n<\/div><\/figure>\n\n\n\n<p class=\"has-text-align-center has-small-font-size wp-block-paragraph\"><a href=\"https:\/\/play.cadenaser.com\/audio\/1566302523_836191\/\">https:\/\/play.cadenaser.com\/audio\/1566302523_836191\/<\/a><\/p>\n","protected":false},"excerpt":{"rendered":"<p>En esta entrevista realizada en la Cadena Ser, Brian Catlos presenta su libro \u00abReinos de Fe\u00bb, en el que analiza de manera amena y rigurosa la historia de al-Andalus.<\/p>\n","protected":false},"author":11,"featured_media":43,"comment_status":"closed","ping_status":"closed","sticky":false,"template":"","format":"standard","meta":{"_crdt_document":"","jetpack_post_was_ever_published":false,"footnotes":""},"categories":[13],"tags":[91,31,84,162],"coauthors":[],"class_list":{"0":"post-1399","1":"post","2":"type-post","3":"status-publish","4":"format-standard","5":"has-post-thumbnail","6":"hentry","7":"category-multimedia","8":"tag-almohades","9":"tag-convivencia","10":"tag-moriscos","11":"tag-religion","13":"fallback-thumbnail"},"jetpack_featured_media_url":"https:\/\/i0.wp.com\/www.alandalusylahistoria.com\/wp-content\/uploads\/2018\/05\/maxresdefault.jpg?fit=1280%2C720&ssl=1","_links":{"self":[{"href":"https:\/\/www.alandalusylahistoria.com\/index.php?rest_route=\/wp\/v2\/posts\/1399","targetHints":{"allow":["GET"]}}],"collection":[{"href":"https:\/\/www.alandalusylahistoria.com\/index.php?rest_route=\/wp\/v2\/posts"}],"about":[{"href":"https:\/\/www.alandalusylahistoria.com\/index.php?rest_route=\/wp\/v2\/types\/post"}],"author":[{"embeddable":true,"href":"https:\/\/www.alandalusylahistoria.com\/index.php?rest_route=\/wp\/v2\/users\/11"}],"replies":[{"embeddable":true,"href":"https:\/\/www.alandalusylahistoria.com\/index.php?rest_route=%2Fwp%2Fv2%2Fcomments&post=1399"}],"version-history":[{"count":5,"href":"https:\/\/www.alandalusylahistoria.com\/index.php?rest_route=\/wp\/v2\/posts\/1399\/revisions"}],"predecessor-version":[{"id":1409,"href":"https:\/\/www.alandalusylahistoria.com\/index.php?rest_route=\/wp\/v2\/posts\/1399\/revisions\/1409"}],"wp:featuredmedia":[{"embeddable":true,"href":"https:\/\/www.alandalusylahistoria.com\/index.php?rest_route=\/wp\/v2\/media\/43"}],"wp:attachment":[{"href":"https:\/\/www.alandalusylahistoria.com\/index.php?rest_route=%2Fwp%2Fv2%2Fmedia&parent=1399"}],"wp:term":[{"taxonomy":"category","embeddable":true,"href":"https:\/\/www.alandalusylahistoria.com\/index.php?rest_route=%2Fwp%2Fv2%2Fcategories&post=1399"},{"taxonomy":"post_tag","embeddable":true,"href":"https:\/\/www.alandalusylahistoria.com\/index.php?rest_route=%2Fwp%2Fv2%2Ftags&post=1399"},{"taxonomy":"author","embeddable":true,"href":"https:\/\/www.alandalusylahistoria.com\/index.php?rest_route=%2Fwp%2Fv2%2Fcoauthors&post=1399"}],"curies":[{"name":"wp","href":"https:\/\/api.w.org\/{rel}","templated":true}]}}