{"id":1381,"date":"2019-07-23T08:03:49","date_gmt":"2019-07-23T08:03:49","guid":{"rendered":"http:\/\/www.alandalusylahistoria.com\/?p=1381"},"modified":"2019-07-23T08:03:55","modified_gmt":"2019-07-23T08:03:55","slug":"las-ordenes-militares-dos-visiones","status":"publish","type":"post","link":"https:\/\/www.alandalusylahistoria.com\/?p=1381","title":{"rendered":"Las \u00f3rdenes militares: dos visiones"},"content":{"rendered":"\n<h3 class=\"has-text-align-center wp-block-heading\">Las \u00f3rdenes militares fueron actores fundamentales en el escenario pol\u00edtico de la Espa\u00f1a medieval. Carlos de Ayala y Javier Albarr\u00e1n nos traen en este dossier especial dos an\u00e1lisis que se complementan a la perfecci\u00f3n para acercarnos a estas instituciones. En el primero se analizan las ideas que llevaron a la legitimaci\u00f3n teol\u00f3gica de la violencia y al surgimiento de las \u00f3rdenes militares. En el segundo, se ofrece una panor\u00e1mica de la visi\u00f3n que los musulmanes ten\u00edan de estas hermandades armadas, tanto en Oriente como en la Pen\u00ednsula<\/h3>\n\n\n\n<hr class=\"wp-block-separator\"\/>\n\n\n\n<div class=\"wp-block-image\"><figure class=\"aligncenter size-large\"><a href=\"http:\/\/www.alandalusylahistoria.com\/?p=1375\"><img data-recalc-dims=\"1\" loading=\"lazy\" decoding=\"async\" width=\"797\" height=\"272\" src=\"https:\/\/i0.wp.com\/www.alandalusylahistoria.com\/wp-content\/uploads\/2019\/07\/Tumbo_Menor-ent.jpg?resize=797%2C272\" alt=\"\" class=\"wp-image-1391\" srcset=\"https:\/\/i0.wp.com\/www.alandalusylahistoria.com\/wp-content\/uploads\/2019\/07\/Tumbo_Menor-ent.jpg?w=797&amp;ssl=1 797w, https:\/\/i0.wp.com\/www.alandalusylahistoria.com\/wp-content\/uploads\/2019\/07\/Tumbo_Menor-ent.jpg?resize=300%2C102&amp;ssl=1 300w, https:\/\/i0.wp.com\/www.alandalusylahistoria.com\/wp-content\/uploads\/2019\/07\/Tumbo_Menor-ent.jpg?resize=768%2C262&amp;ssl=1 768w\" sizes=\"auto, (max-width: 797px) 100vw, 797px\" \/><\/a><\/figure><\/div>\n\n\n\n<div class=\"wp-block-image\"><figure class=\"aligncenter size-large\"><a href=\"http:\/\/www.alandalusylahistoria.com\/?p=1358\"><img data-recalc-dims=\"1\" loading=\"lazy\" decoding=\"async\" width=\"798\" height=\"273\" src=\"https:\/\/i0.wp.com\/www.alandalusylahistoria.com\/wp-content\/uploads\/2019\/07\/Saladin_Guy-detalle-entradilla.jpg?resize=798%2C273\" alt=\"\" class=\"wp-image-1382\" srcset=\"https:\/\/i0.wp.com\/www.alandalusylahistoria.com\/wp-content\/uploads\/2019\/07\/Saladin_Guy-detalle-entradilla.jpg?w=798&amp;ssl=1 798w, https:\/\/i0.wp.com\/www.alandalusylahistoria.com\/wp-content\/uploads\/2019\/07\/Saladin_Guy-detalle-entradilla.jpg?resize=300%2C103&amp;ssl=1 300w, https:\/\/i0.wp.com\/www.alandalusylahistoria.com\/wp-content\/uploads\/2019\/07\/Saladin_Guy-detalle-entradilla.jpg?resize=768%2C263&amp;ssl=1 768w\" sizes=\"auto, (max-width: 798px) 100vw, 798px\" \/><\/a><\/figure><\/div>\n","protected":false},"excerpt":{"rendered":"<p>Las \u00f3rdenes militares fueron actores fundamentales en el escenario pol\u00edtico de la Espa\u00f1a medieval. Carlos de Ayala y Javier Albarr\u00e1n nos traen en este dossier especial dos an\u00e1lisis que se complementan a la perfecci\u00f3n para acercarnos a estas instituciones. En el primero se analizan las ideas que llevaron a la legitimaci\u00f3n teol\u00f3gica de la violencia&#8230; <\/p>\n<div class=\"link-more\"><a href=\"https:\/\/www.alandalusylahistoria.com\/?p=1381\">Leer M\u00e1s<\/a><\/div>\n","protected":false},"author":11,"featured_media":1130,"comment_status":"closed","ping_status":"closed","sticky":false,"template":"","format":"standard","meta":{"_crdt_document":"","jetpack_post_was_ever_published":false,"footnotes":""},"categories":[23],"tags":[59,170,70],"coauthors":[],"class_list":{"0":"post-1381","1":"post","2":"type-post","3":"status-publish","4":"format-standard","5":"has-post-thumbnail","6":"hentry","7":"category-conceptos","8":"tag-cruzada","9":"tag-guerra-santa","10":"tag-ordenes-militares","12":"fallback-thumbnail"},"jetpack_featured_media_url":"https:\/\/i0.wp.com\/www.alandalusylahistoria.com\/wp-content\/uploads\/2019\/03\/Templarios_en_Sep%C3%BAlcro_Santa_Mar%C3%ADa_la_Blanca_villalcazar.jpg?fit=1161%2C494&ssl=1","_links":{"self":[{"href":"https:\/\/www.alandalusylahistoria.com\/index.php?rest_route=\/wp\/v2\/posts\/1381","targetHints":{"allow":["GET"]}}],"collection":[{"href":"https:\/\/www.alandalusylahistoria.com\/index.php?rest_route=\/wp\/v2\/posts"}],"about":[{"href":"https:\/\/www.alandalusylahistoria.com\/index.php?rest_route=\/wp\/v2\/types\/post"}],"author":[{"embeddable":true,"href":"https:\/\/www.alandalusylahistoria.com\/index.php?rest_route=\/wp\/v2\/users\/11"}],"replies":[{"embeddable":true,"href":"https:\/\/www.alandalusylahistoria.com\/index.php?rest_route=%2Fwp%2Fv2%2Fcomments&post=1381"}],"version-history":[{"count":5,"href":"https:\/\/www.alandalusylahistoria.com\/index.php?rest_route=\/wp\/v2\/posts\/1381\/revisions"}],"predecessor-version":[{"id":1393,"href":"https:\/\/www.alandalusylahistoria.com\/index.php?rest_route=\/wp\/v2\/posts\/1381\/revisions\/1393"}],"wp:featuredmedia":[{"embeddable":true,"href":"https:\/\/www.alandalusylahistoria.com\/index.php?rest_route=\/wp\/v2\/media\/1130"}],"wp:attachment":[{"href":"https:\/\/www.alandalusylahistoria.com\/index.php?rest_route=%2Fwp%2Fv2%2Fmedia&parent=1381"}],"wp:term":[{"taxonomy":"category","embeddable":true,"href":"https:\/\/www.alandalusylahistoria.com\/index.php?rest_route=%2Fwp%2Fv2%2Fcategories&post=1381"},{"taxonomy":"post_tag","embeddable":true,"href":"https:\/\/www.alandalusylahistoria.com\/index.php?rest_route=%2Fwp%2Fv2%2Ftags&post=1381"},{"taxonomy":"author","embeddable":true,"href":"https:\/\/www.alandalusylahistoria.com\/index.php?rest_route=%2Fwp%2Fv2%2Fcoauthors&post=1381"}],"curies":[{"name":"wp","href":"https:\/\/api.w.org\/{rel}","templated":true}]}}