{"id":1341,"date":"2019-07-09T15:12:05","date_gmt":"2019-07-09T15:12:05","guid":{"rendered":"http:\/\/www.alandalusylahistoria.com\/?p=1341"},"modified":"2019-07-09T15:15:51","modified_gmt":"2019-07-09T15:15:51","slug":"el-astrolabio-de-ibrahim-ibn-said-al-sahli","status":"publish","type":"post","link":"https:\/\/www.alandalusylahistoria.com\/?p=1341","title":{"rendered":"El astrolabio de Ibr\u0101h\u012bm ibn Sa\u2019\u012bd al-Sahl\u012b"},"content":{"rendered":"\n<h3 class=\"has-text-align-center wp-block-heading\">El astrolabio de Ibr\u0101h\u012bm ibn Sa\u2019\u012bd al-Sahl\u012b que se conserva en el Museo  Arqueol\u00f3gico Nacional es una de las mejores piezas de la producci\u00f3n  medieval peninsular y confirma el esplendor que vivi\u00f3 la astronom\u00eda y la  ciencia en general en el reino taifa de Toledo durante la segunda mitad  del siglo XI<\/h3>\n\n\n\n<figure class=\"wp-block-embed-youtube wp-block-embed is-type-video is-provider-youtube wp-embed-aspect-16-9 wp-has-aspect-ratio\"><div class=\"wp-block-embed__wrapper\">\n<iframe loading=\"lazy\" title=\"El astrolabio toledano de Ibn Said al-Sahli o como atrapar el tiempo mirando al cielo\" width=\"1000\" height=\"563\" src=\"https:\/\/www.youtube.com\/embed\/Q0ZF8wvHYTs?feature=oembed\" frameborder=\"0\" allow=\"accelerometer; autoplay; encrypted-media; gyroscope; picture-in-picture\" allowfullscreen><\/iframe>\n<\/div><\/figure>\n\n\n\n<p style=\"text-align:center\" class=\"has-small-font-size wp-block-paragraph\">Conferencia de Azucena Hern\u00e1ndez P\u00e9rez en el Museo Arqueol\u00f3gico Nacional. 17 de enero de 2019.<\/p>\n\n\n\n<h4 class=\"wp-block-heading\">Para ampliar:<\/h4>\n\n\n\n<ul class=\"wp-block-list\"><li>Azucena Hern\u00e1ndez P\u00e9rez: \u00ab<a href=\"http:\/\/www.alandalusylahistoria.com\/?p=1318\">Astrolabios en al-Andalus: una historia de \u00e9xito<\/a>\u00ab<\/li><\/ul>\n","protected":false},"excerpt":{"rendered":"<p>El astrolabio de Ibr\u0101h\u012bm ibn Sa\u2019\u012bd al-Sahl\u012b que se conserva en el Museo  Arqueol\u00f3gico Nacional es una de las mejores piezas de la producci\u00f3n  medieval peninsular y confirma el esplendor que vivi\u00f3 la astronom\u00eda y la  ciencia en general en el reino taifa de Toledo durante la segunda mitad  del siglo XI<\/p>\n","protected":false},"author":11,"featured_media":1320,"comment_status":"closed","ping_status":"closed","sticky":false,"template":"","format":"image","meta":{"_crdt_document":"","jetpack_post_was_ever_published":false,"footnotes":""},"categories":[13],"tags":[166,167,80],"coauthors":[],"class_list":{"0":"post-1341","1":"post","2":"type-post","3":"status-publish","4":"format-image","5":"has-post-thumbnail","6":"hentry","7":"category-multimedia","8":"tag-astrolabios","9":"tag-astronomia","10":"tag-ciencia","11":"post_format-post-format-image","13":"fallback-thumbnail"},"jetpack_featured_media_url":"https:\/\/i0.wp.com\/www.alandalusylahistoria.com\/wp-content\/uploads\/2019\/07\/Fig-1_Azucena-Hern%C3%A1ndez-e1562685230166.jpg?fit=572%2C580&ssl=1","_links":{"self":[{"href":"https:\/\/www.alandalusylahistoria.com\/index.php?rest_route=\/wp\/v2\/posts\/1341","targetHints":{"allow":["GET"]}}],"collection":[{"href":"https:\/\/www.alandalusylahistoria.com\/index.php?rest_route=\/wp\/v2\/posts"}],"about":[{"href":"https:\/\/www.alandalusylahistoria.com\/index.php?rest_route=\/wp\/v2\/types\/post"}],"author":[{"embeddable":true,"href":"https:\/\/www.alandalusylahistoria.com\/index.php?rest_route=\/wp\/v2\/users\/11"}],"replies":[{"embeddable":true,"href":"https:\/\/www.alandalusylahistoria.com\/index.php?rest_route=%2Fwp%2Fv2%2Fcomments&post=1341"}],"version-history":[{"count":7,"href":"https:\/\/www.alandalusylahistoria.com\/index.php?rest_route=\/wp\/v2\/posts\/1341\/revisions"}],"predecessor-version":[{"id":1348,"href":"https:\/\/www.alandalusylahistoria.com\/index.php?rest_route=\/wp\/v2\/posts\/1341\/revisions\/1348"}],"wp:featuredmedia":[{"embeddable":true,"href":"https:\/\/www.alandalusylahistoria.com\/index.php?rest_route=\/wp\/v2\/media\/1320"}],"wp:attachment":[{"href":"https:\/\/www.alandalusylahistoria.com\/index.php?rest_route=%2Fwp%2Fv2%2Fmedia&parent=1341"}],"wp:term":[{"taxonomy":"category","embeddable":true,"href":"https:\/\/www.alandalusylahistoria.com\/index.php?rest_route=%2Fwp%2Fv2%2Fcategories&post=1341"},{"taxonomy":"post_tag","embeddable":true,"href":"https:\/\/www.alandalusylahistoria.com\/index.php?rest_route=%2Fwp%2Fv2%2Ftags&post=1341"},{"taxonomy":"author","embeddable":true,"href":"https:\/\/www.alandalusylahistoria.com\/index.php?rest_route=%2Fwp%2Fv2%2Fcoauthors&post=1341"}],"curies":[{"name":"wp","href":"https:\/\/api.w.org\/{rel}","templated":true}]}}