{"id":1220,"date":"2019-04-30T08:01:34","date_gmt":"2019-04-30T08:01:34","guid":{"rendered":"http:\/\/www.alandalusylahistoria.com\/?p=1220"},"modified":"2019-04-30T08:01:40","modified_gmt":"2019-04-30T08:01:40","slug":"el-magreb-en-el-mashreq","status":"publish","type":"post","link":"https:\/\/www.alandalusylahistoria.com\/?p=1220","title":{"rendered":"El Magreb en el Mashreq"},"content":{"rendered":"\n<h3 class=\"wp-block-heading\" style=\"text-align:center\">\u00bfC\u00f3mo, c\u00faando y por qu\u00e9 el conocimiento generado en el occidente isl\u00e1mico, un contexto que se tiende a considerar perif\u00e9rico, se difundi\u00f3 por el resto del mundo isl\u00e1mico? Conferencia pronunciada por Maribel Fierro en la Al-Furqan Foundation (Londres). (En ingl\u00e9s).<\/h3>\n\n\n\n<figure class=\"wp-block-embed-youtube aligncenter wp-block-embed is-type-video is-provider-youtube wp-embed-aspect-16-9 wp-has-aspect-ratio\"><div class=\"wp-block-embed__wrapper\">\n<iframe loading=\"lazy\" title=\"&quot;The Maghrib in the Mashriq&quot;\" width=\"1000\" height=\"563\" src=\"https:\/\/www.youtube.com\/embed\/w9jqC99M73o?feature=oembed\" frameborder=\"0\" allow=\"accelerometer; autoplay; encrypted-media; gyroscope; picture-in-picture\" allowfullscreen><\/iframe>\n<\/div><\/figure>\n","protected":false},"excerpt":{"rendered":"<p>\u00bfC\u00f3mo, c\u00faando y por qu\u00e9 el conocimiento generado en el occidente isl\u00e1mico, un contexto que se tiende a considerar, se difundi\u00f3 por el resto del mundo isl\u00e1mico? Conferencia pronunciada por Maribel Fierro en la Al-Furqan Foundation (Londres). (En ingl\u00e9s)<\/p>\n","protected":false},"author":11,"featured_media":1222,"comment_status":"closed","ping_status":"closed","sticky":false,"template":"","format":"image","meta":{"_crdt_document":"","jetpack_post_was_ever_published":false,"footnotes":""},"categories":[13],"tags":[153,150,152,154],"coauthors":[],"class_list":{"0":"post-1220","1":"post","2":"type-post","3":"status-publish","4":"format-image","5":"has-post-thumbnail","6":"hentry","7":"category-multimedia","8":"tag-conocimiento","9":"tag-magreb","10":"tag-machrek","11":"tag-redes-de-difusion","12":"post_format-post-format-image","14":"fallback-thumbnail"},"jetpack_featured_media_url":"https:\/\/i0.wp.com\/www.alandalusylahistoria.com\/wp-content\/uploads\/2019\/04\/Al-Idrisis_world_map-e1556552120967.jpeg?fit=700%2C763&ssl=1","_links":{"self":[{"href":"https:\/\/www.alandalusylahistoria.com\/index.php?rest_route=\/wp\/v2\/posts\/1220","targetHints":{"allow":["GET"]}}],"collection":[{"href":"https:\/\/www.alandalusylahistoria.com\/index.php?rest_route=\/wp\/v2\/posts"}],"about":[{"href":"https:\/\/www.alandalusylahistoria.com\/index.php?rest_route=\/wp\/v2\/types\/post"}],"author":[{"embeddable":true,"href":"https:\/\/www.alandalusylahistoria.com\/index.php?rest_route=\/wp\/v2\/users\/11"}],"replies":[{"embeddable":true,"href":"https:\/\/www.alandalusylahistoria.com\/index.php?rest_route=%2Fwp%2Fv2%2Fcomments&post=1220"}],"version-history":[{"count":3,"href":"https:\/\/www.alandalusylahistoria.com\/index.php?rest_route=\/wp\/v2\/posts\/1220\/revisions"}],"predecessor-version":[{"id":1225,"href":"https:\/\/www.alandalusylahistoria.com\/index.php?rest_route=\/wp\/v2\/posts\/1220\/revisions\/1225"}],"wp:featuredmedia":[{"embeddable":true,"href":"https:\/\/www.alandalusylahistoria.com\/index.php?rest_route=\/wp\/v2\/media\/1222"}],"wp:attachment":[{"href":"https:\/\/www.alandalusylahistoria.com\/index.php?rest_route=%2Fwp%2Fv2%2Fmedia&parent=1220"}],"wp:term":[{"taxonomy":"category","embeddable":true,"href":"https:\/\/www.alandalusylahistoria.com\/index.php?rest_route=%2Fwp%2Fv2%2Fcategories&post=1220"},{"taxonomy":"post_tag","embeddable":true,"href":"https:\/\/www.alandalusylahistoria.com\/index.php?rest_route=%2Fwp%2Fv2%2Ftags&post=1220"},{"taxonomy":"author","embeddable":true,"href":"https:\/\/www.alandalusylahistoria.com\/index.php?rest_route=%2Fwp%2Fv2%2Fcoauthors&post=1220"}],"curies":[{"name":"wp","href":"https:\/\/api.w.org\/{rel}","templated":true}]}}