{"id":52,"count":5,"description":"Para cualquier duda que tengas acerca de la historia de al-Andalus y la pen\u00ednsula Ib\u00e9rica en la Edad Media, ponte en contacto con nosotros a trav\u00e9s de nuestras cuentas en Twitter (X) o Facebook. Si podemos ayudarte, te responderemos lo antes posible, y tu pregunta, junto con nuestra respuesta, aparecer\u00e1 en esta secci\u00f3n.","link":"https:\/\/www.alandalusylahistoria.com\/?cat=52","name":"Preguntas","slug":"preguntas","taxonomy":"category","parent":0,"meta":[],"_links":{"self":[{"href":"https:\/\/www.alandalusylahistoria.com\/index.php?rest_route=\/wp\/v2\/categories\/52","targetHints":{"allow":["GET"]}}],"collection":[{"href":"https:\/\/www.alandalusylahistoria.com\/index.php?rest_route=\/wp\/v2\/categories"}],"about":[{"href":"https:\/\/www.alandalusylahistoria.com\/index.php?rest_route=\/wp\/v2\/taxonomies\/category"}],"wp:post_type":[{"href":"https:\/\/www.alandalusylahistoria.com\/index.php?rest_route=%2Fwp%2Fv2%2Fposts&categories=52"}],"curies":[{"name":"wp","href":"https:\/\/api.w.org\/{rel}","templated":true}]}}